{"id":766,"date":"2021-12-28T16:35:02","date_gmt":"2021-12-28T15:35:02","guid":{"rendered":"http:\/\/agnesl.fr\/meditation\/?p=766"},"modified":"2022-02-22T19:16:59","modified_gmt":"2022-02-22T18:16:59","slug":"journee-en-pleine-conscience","status":"publish","type":"post","link":"https:\/\/agnesl.fr\/meditation\/journee-en-pleine-conscience\/","title":{"rendered":"Un temps pour soi en pleine conscience."},"content":{"rendered":"\n<p>1 jour, 1\/2  journ\u00e9e, 1 we, en pleine consccience, dans la nature, pour se reconnecter \u00e0 soi.<br><\/p>\n\n\n\n<pre class=\"wp-block-preformatted\">Une Journ\u00e9e en pleine conscience est une journ\u00e9e enti\u00e8rement d\u00e9vou\u00e9e \u00e0 la pratique de la pleine conscience. C\u2019est un temps choisi durant lequel nous nous retrouvons pour pratiquer la pleine conscience ensemble, prendre conscience de ce qui est l\u00e0, de la r\u00e9alit\u00e9 pr\u00e9sente, et accueillir notre exp\u00e9rience directe, ici et maintenant, avec curiosit\u00e9 et bienveillance.<\/pre>\n\n\n\n<pre class=\"wp-block-preformatted\">\u2022 Pratiquer la m\u00e9ditation assise et la contemplation\n\n\u2022 Pratiquer  la marche m\u00e9ditative\n\u2022 Partager un repas en silence\n\n\u2022 Faire des mouvements en pleine conscience\n\n\n\u2022 Exp\u00e9rimenter les 5 sens en Pleine Conscience\n\n\u2022 Sourire et respirer ensemble\n\u2022 Accueillir des th\u00e9rapeutes et d\u00e9couvrir (analyse des r\u00eaves, yoga, ta\u00ef-chi, naturopathie, je\u00fbne ou cuisine vegan, art ...)<\/pre>\n","protected":false},"excerpt":{"rendered":"<p>1 jour, 1\/2 journ\u00e9e, 1 we, en pleine consccience, dans la nature, pour se reconnecter \u00e0 soi. Une Journ\u00e9e en pleine conscience est une journ\u00e9e enti\u00e8rement d\u00e9vou\u00e9e \u00e0 la pratique &hellip; <\/p>\n","protected":false},"author":1,"featured_media":857,"comment_status":"closed","ping_status":"closed","sticky":false,"template":"","format":"standard","meta":{"_price":"","_stock":"","_tribe_ticket_header":"","_tribe_default_ticket_provider":"","_tribe_ticket_capacity":"0","_ticket_start_date":"","_ticket_end_date":"","_tribe_ticket_show_description":"","_tribe_ticket_show_not_going":false,"_tribe_ticket_use_global_stock":"","_tribe_ticket_global_stock_level":"","_global_stock_mode":"","_global_stock_cap":"","_tribe_rsvp_for_event":"","_tribe_ticket_going_count":"","_tribe_ticket_not_going_count":"","_tribe_tickets_list":"[]","_tribe_ticket_has_attendee_info_fields":false,"_EventAllDay":false,"_EventTimezone":"","_EventStartDate":"","_EventEndDate":"","_EventStartDateUTC":"","_EventEndDateUTC":"","_EventShowMap":false,"_EventShowMapLink":false,"_EventURL":"","_EventCost":"","_EventCostDescription":"","_EventCurrencySymbol":"","_EventCurrencyCode":"","_EventCurrencyPosition":"","_EventDateTimeSeparator":"","_EventTimeRangeSeparator":"","_EventOrganizerID":[],"_EventVenueID":[],"_OrganizerEmail":"","_OrganizerPhone":"","_OrganizerWebsite":"","_VenueAddress":"","_VenueCity":"","_VenueCountry":"","_VenueProvince":"","_VenueState":"","_VenueZip":"","_VenuePhone":"","_VenueURL":"","_VenueStateProvince":"","_VenueLat":"","_VenueLng":"","_VenueShowMap":false,"_VenueShowMapLink":false,"footnotes":"","_tec_slr_enabled":"","_tec_slr_layout":""},"categories":[24,40],"tags":[31,29,30],"ticketed":false,"_links":{"self":[{"href":"https:\/\/agnesl.fr\/meditation\/wp-json\/wp\/v2\/posts\/766"}],"collection":[{"href":"https:\/\/agnesl.fr\/meditation\/wp-json\/wp\/v2\/posts"}],"about":[{"href":"https:\/\/agnesl.fr\/meditation\/wp-json\/wp\/v2\/types\/post"}],"author":[{"embeddable":true,"href":"https:\/\/agnesl.fr\/meditation\/wp-json\/wp\/v2\/users\/1"}],"replies":[{"embeddable":true,"href":"https:\/\/agnesl.fr\/meditation\/wp-json\/wp\/v2\/comments?post=766"}],"version-history":[{"count":9,"href":"https:\/\/agnesl.fr\/meditation\/wp-json\/wp\/v2\/posts\/766\/revisions"}],"predecessor-version":[{"id":1901,"href":"https:\/\/agnesl.fr\/meditation\/wp-json\/wp\/v2\/posts\/766\/revisions\/1901"}],"wp:featuredmedia":[{"embeddable":true,"href":"https:\/\/agnesl.fr\/meditation\/wp-json\/wp\/v2\/media\/857"}],"wp:attachment":[{"href":"https:\/\/agnesl.fr\/meditation\/wp-json\/wp\/v2\/media?parent=766"}],"wp:term":[{"taxonomy":"category","embeddable":true,"href":"https:\/\/agnesl.fr\/meditation\/wp-json\/wp\/v2\/categories?post=766"},{"taxonomy":"post_tag","embeddable":true,"href":"https:\/\/agnesl.fr\/meditation\/wp-json\/wp\/v2\/tags?post=766"}],"curies":[{"name":"wp","href":"https:\/\/api.w.org\/{rel}","templated":true}]}}