{"id":2190,"date":"2024-09-03T08:46:22","date_gmt":"2024-09-03T06:46:22","guid":{"rendered":"https:\/\/agnesl.fr\/meditation\/?p=2190"},"modified":"2024-09-03T08:54:15","modified_gmt":"2024-09-03T06:54:15","slug":"art-therapie","status":"publish","type":"post","link":"https:\/\/agnesl.fr\/meditation\/art-therapie\/","title":{"rendered":"Art Th\u00e9rapie"},"content":{"rendered":"\n<p>L\u2019art-th\u00e9rapie est une psychoth\u00e9rapie qui se met au service du soin par l\u2019art pour renouer une communication, stimuler les facult\u00e9s d\u2019expression et dynamiser les processus cr\u00e9atifs de la personne.<\/p>\n\n\n\n<p>L\u2019application de l\u2019art \u00e0 des fins th\u00e9rapeutiques n\u2019est pas un concept nouveau. La Gr\u00e8ce antique, tout comme la plupart des cultures traditionnelles, consid\u00e9rait que les arts avaient un effet cathartique et th\u00e9rapeutique.<\/p>\n\n\n\n<p>L\u2019art-th\u00e9rapie est tr\u00e8s r\u00e9pandue dans les secteurs de la sant\u00e9, pour les personnes en difficult\u00e9 et utilise la cr\u00e9ation artistique (dessin, th\u00e9\u00e2tre, peinture, etc.) comme mode d\u2019intervention, particuli\u00e8rement chez les sujets ayant de la difficult\u00e9 \u00e0 exprimer ce qu\u2019ils ressentent par la parole. Elle est utilis\u00e9e depuis tr\u00e8s longtemps chez les enfants en bas \u00e2ge ainsi qu\u2019en physioth\u00e9rapie pour le soin de l\u2019individu ou l\u2019aide sociale avec l\u2019objectif d\u2019am\u00e9liorer la qualit\u00e9 de vie par la compr\u00e9hension du soi.<\/p>\n\n\n\n<p>L\u2019art-th\u00e9rapeute envisage le patient dans une globalit\u00e9, sur les plans physiques, psychiques et sociaux ; Le but du processus n\u2019est pas artistique. Il n\u2019interpr\u00e8te pas l\u2019\u0153uvre mais travaille la charge symbolique des actes du patient.<\/p>\n\n\n\n<p>La pratique artistique \u00e9tant un moyen d\u2019expression privil\u00e9gi\u00e9e, il est \u00e9vident que le corps va \u00eatre le vecteur principal de l\u2019activit\u00e9 artistique. Donc tout passera d\u2019abord par le corps et ensuite par le psychique, comme en t\u00e9moignent les philosophes, les neurologues, les psychologues, les m\u00e9decins, les physiologistes, etc. Tant que ce corps n\u2019aura pas ressenti des sensations positives, une orientation esth\u00e9tique, la volont\u00e9 de s\u2019engager dans l\u2019activit\u00e9, il sera effectivement difficile pour le psychisme de s\u2019am\u00e9liorer. Le principe m\u00eame de l\u2019art-th\u00e9rapie est de travailler d\u2019abord sur le corps, sur un ressenti, c\u2019est \u00e0 dire engager le patient dans l\u2019activit\u00e9, ici artistique, ce qui engagera une am\u00e9lioration de son psychisme. L\u2019art-th\u00e9rapie concerne tous les \u00e2ges. Elle peut particuli\u00e8rement \u00eatre indiqu\u00e9e aux personnes qui ont des difficult\u00e9s \u00e0 :<\/p>\n\n\n\n<ul>\n<li>S\u2019exprimer et communiquer verbalement avec les autres<\/li>\n\n\n\n<li>Organiser et structurer leur pens\u00e9e<\/li>\n\n\n\n<li>Relier leurs paroles, leurs mots \u00e0 leur ressenti, leurs \u00e9motions, \u00e0 leur corps.<\/li>\n<\/ul>\n\n\n\n<figure class=\"wp-block-image size-full\"><img fetchpriority=\"high\" decoding=\"async\" width=\"640\" height=\"250\" src=\"https:\/\/agnesl.fr\/meditation\/wp-content\/uploads\/2024\/09\/IMG_7092-1.jpg\" alt=\"\" class=\"wp-image-2193\" srcset=\"https:\/\/agnesl.fr\/meditation\/wp-content\/uploads\/2024\/09\/IMG_7092-1.jpg 640w, https:\/\/agnesl.fr\/meditation\/wp-content\/uploads\/2024\/09\/IMG_7092-1-300x117.jpg 300w, https:\/\/agnesl.fr\/meditation\/wp-content\/uploads\/2024\/09\/IMG_7092-1-154x60.jpg 154w, https:\/\/agnesl.fr\/meditation\/wp-content\/uploads\/2024\/09\/IMG_7092-1-600x234.jpg 600w\" sizes=\"(max-width: 640px) 100vw, 640px\" \/><\/figure>\n\n\n\n<h2 class=\"wp-block-heading\">La cr\u00e9ation artistique permet avec l&#8217;art-th\u00e9rapie d&#8217;acc\u00e9der \u00e0 des sentiments enfouis.<\/h2>\n\n\n\n<p>Les&nbsp;<strong>arts plastiques<\/strong>, peinture, collage, poterie, photo, p\u00e2te \u00e0 modeler\u2026 sont tr\u00e8s utilis\u00e9s pour la cr\u00e9ation artistique \u00e0 des fins th\u00e9rapeutiques. Le patient va, avec son th\u00e9rapeute, parvenir \u00e0 donner un sens \u00e0 sa cr\u00e9ation et favoriser des comportements nouveaux en observant sa mani\u00e8re d\u2019utiliser les couleurs, de disposer les formes\u2026<\/p>\n\n\n\n<h2 class=\"wp-block-heading\">Lib\u00e9rez votre cr\u00e9ativit\u00e9 !<\/h2>\n\n\n\n<p>\u00ab Une cr\u00e9ation, c\u2019est un tableau, un jardin, une coiff ure, une symphonie, une sculpture et m\u00eame un plat \u00bb, \u00e9crivait le p\u00e9diatre et psychanalyste Donald W. Winnicott (in\u00a0<em>Jeu et r\u00e9alit\u00e9<\/em>\u00a0&#8211; Gallimard 2002). Pour ce sp\u00e9cialiste de la construction psychique, la cr\u00e9ativit\u00e9 appara\u00eet d\u00e8s les premiers mois de la vie. Il existerait m\u00eame une pulsion cr\u00e9atrice. \u00ab Elle est pr\u00e9sente en chacun de nous, b\u00e9b\u00e9, enfant ou adulte \u00bb, assurait-il. La premi\u00e8re activit\u00e9 cr\u00e9atrice est la r\u00eaverie \u00e9veill\u00e9e. Vient ensuite le temps du jeu gr\u00e2ce auquel l\u2019enfant, tel un r\u00e9alisateur, met en sc\u00e8ne son univers int\u00e9rieur et fa\u00e7onne un monde selon ses d\u00e9sirs. Pour Donald W. Winnicott, l\u2019intensit\u00e9 de la capacit\u00e9 cr\u00e9atrice d\u2019un individu est li\u00e9e \u00e0 la relation pr\u00e9coce avec la m\u00e8re. En effet, c\u2019est toujours pour un autre, r\u00e9el ou symbolique, que nous cr\u00e9ons. Nos blocages ont pour cause cet autre susceptible de nous juger, de m\u00e9priser nos id\u00e9es. Des parents immatures qui s\u2019\u00e9rigent en critiques d\u2019art face \u00e0 leur petit, tout fier de leur montrer l\u2019horrible vase en c\u00e9ramique confectionn\u00e9 \u00e0 l\u2019\u00e9cole pour la f\u00eate des M\u00e8res, risquent de l\u2019inhiber pour un bon moment.<\/p>\n","protected":false},"excerpt":{"rendered":"<p>L\u2019art-th\u00e9rapie est une psychoth\u00e9rapie qui se met au service du soin par l\u2019art pour renouer une communication, stimuler les facult\u00e9s d\u2019expression et dynamiser les processus cr\u00e9atifs de la personne. L\u2019application &hellip; <\/p>\n","protected":false},"author":1,"featured_media":2191,"comment_status":"open","ping_status":"open","sticky":false,"template":"","format":"standard","meta":{"_price":"","_stock":"","_tribe_ticket_header":"","_tribe_default_ticket_provider":"","_tribe_ticket_capacity":"0","_ticket_start_date":"","_ticket_end_date":"","_tribe_ticket_show_description":"","_tribe_ticket_show_not_going":false,"_tribe_ticket_use_global_stock":"","_tribe_ticket_global_stock_level":"","_global_stock_mode":"","_global_stock_cap":"","_tribe_rsvp_for_event":"","_tribe_ticket_going_count":"","_tribe_ticket_not_going_count":"","_tribe_tickets_list":"[]","_tribe_ticket_has_attendee_info_fields":false,"_EventAllDay":false,"_EventTimezone":"","_EventStartDate":"","_EventEndDate":"","_EventStartDateUTC":"","_EventEndDateUTC":"","_EventShowMap":false,"_EventShowMapLink":false,"_EventURL":"","_EventCost":"","_EventCostDescription":"","_EventCurrencySymbol":"","_EventCurrencyCode":"","_EventCurrencyPosition":"","_EventDateTimeSeparator":"","_EventTimeRangeSeparator":"","_EventOrganizerID":[],"_EventVenueID":[],"_OrganizerEmail":"","_OrganizerPhone":"","_OrganizerWebsite":"","_VenueAddress":"","_VenueCity":"","_VenueCountry":"","_VenueProvince":"","_VenueState":"","_VenueZip":"","_VenuePhone":"","_VenueURL":"","_VenueStateProvince":"","_VenueLat":"","_VenueLng":"","_VenueShowMap":false,"_VenueShowMapLink":false,"footnotes":"","_tec_slr_enabled":"","_tec_slr_layout":""},"categories":[34,44,24],"tags":[],"ticketed":false,"_links":{"self":[{"href":"https:\/\/agnesl.fr\/meditation\/wp-json\/wp\/v2\/posts\/2190"}],"collection":[{"href":"https:\/\/agnesl.fr\/meditation\/wp-json\/wp\/v2\/posts"}],"about":[{"href":"https:\/\/agnesl.fr\/meditation\/wp-json\/wp\/v2\/types\/post"}],"author":[{"embeddable":true,"href":"https:\/\/agnesl.fr\/meditation\/wp-json\/wp\/v2\/users\/1"}],"replies":[{"embeddable":true,"href":"https:\/\/agnesl.fr\/meditation\/wp-json\/wp\/v2\/comments?post=2190"}],"version-history":[{"count":3,"href":"https:\/\/agnesl.fr\/meditation\/wp-json\/wp\/v2\/posts\/2190\/revisions"}],"predecessor-version":[{"id":2197,"href":"https:\/\/agnesl.fr\/meditation\/wp-json\/wp\/v2\/posts\/2190\/revisions\/2197"}],"wp:featuredmedia":[{"embeddable":true,"href":"https:\/\/agnesl.fr\/meditation\/wp-json\/wp\/v2\/media\/2191"}],"wp:attachment":[{"href":"https:\/\/agnesl.fr\/meditation\/wp-json\/wp\/v2\/media?parent=2190"}],"wp:term":[{"taxonomy":"category","embeddable":true,"href":"https:\/\/agnesl.fr\/meditation\/wp-json\/wp\/v2\/categories?post=2190"},{"taxonomy":"post_tag","embeddable":true,"href":"https:\/\/agnesl.fr\/meditation\/wp-json\/wp\/v2\/tags?post=2190"}],"curies":[{"name":"wp","href":"https:\/\/api.w.org\/{rel}","templated":true}]}}